{"id":8849,"date":"2024-07-03T13:19:37","date_gmt":"2024-07-03T13:19:37","guid":{"rendered":"https:\/\/artoday.net\/?p=8849"},"modified":"2024-07-03T13:19:37","modified_gmt":"2024-07-03T13:19:37","slug":"documenta-16-jury-reorganized-after-collective-resignation","status":"publish","type":"post","link":"https:\/\/artoday.net\/?p=8849","title":{"rendered":"Documenta 16 jury reorganized after collective resignation"},"content":{"rendered":"<p><\/p>\n<div>\n<p class=\"paragraph larva \/\/ a-font-body-m     \">\n<p>\tDocumenta has officially unveiled its replacement selection committee for the search for the next artistic director of the prestigious German five-year exhibition, a search that is still ongoing following the collective resignation of the original committee last year.<\/p>\n<p class=\"paragraph larva \/\/ a-font-body-m     \">\n<p>\tThe new six-member selection committee is made up of Yilmaz Dziewior, Sergio Edelsztein, N&#8217;Gon\u00e9 Fall, Gridthiya Gaweewong, Mami Kataoka and Yasmil Raymond, all but one of whom have curated at least one major biennial.<\/p>\n<p class=\"paragraph larva \/\/ a-font-body-m     \">\n<p>\tNotably, the group includes three people based in Germany (Dziewior, Edelsztein and Raymond), while none of them were on the previous committee. <\/p>\n<section class=\"article-related-links \/\/ a-pull-3@tablet lrv-u-text-align-center@tablet u-width-250@tablet lrv-u-padding-lr-050 lrv-a-floated-left@tablet lrv-u-margin-r-1 lrv-u-margin-b-1\">\n<h2 id=\"section-heading\" class=\"c-heading larva  lrv-u-font-family-secondary lrv-u-font-weight-bold lrv-u-font-size-26@tablet a-pull-up-above-item\">\n<p>\t\trelated articles<\/p>\n<\/h2>\n<div class=\"u-border-color-brand-primary u-border-a-10@tablet u-padding-lr-1@tablet u-padding-b-1@tablet\">\n<div class=\"c-lazy-image  a-pull-up-item a-hidden@mobile-max u-box-shadow-medium lrv-u-margin-b-050\">\n<div class=\"lrv-a-crop-2x3\" style=\"\">\n<p>\t\t\t\t\t\t<img decoding=\"async\" class=\"c-lazy-image__img lrv-u-background-color-grey-lightest lrv-u-width-100p lrv-u-display-block lrv-u-height-auto\" src=\"https:\/\/www.artnews.com\/wp-content\/uploads\/2023\/01\/GettyImages-1403677472-1.jpg?w=150&amp;h=150&amp;crop=1\" alt=\"A sign, shaped like a pair of yellow hands intertwined, reads \u201cdocumenta fifteen.\u201d People walk behind it, ahead of columns covered with writing.\" srcset=\"https:\/\/www.artnews.com\/wp-content\/uploads\/2023\/01\/GettyImages-1403677472-1.jpg 1024w, https:\/\/www.artnews.com\/wp-content\/uploads\/2023\/01\/GettyImages-1403677472-1.jpg?resize=400,267 400w\" data-lazy-sizes=\"(min-width: 87.5rem) 1000px, (min-width: 78.75rem) 681px, (min-width: 48rem) 450px, (max-width: 48rem) 250px\" height=\"\" width=\"\"\/><\/p><\/div>\n<\/p><\/div>\n<\/p><\/div>\n<\/section>\n<p class=\"paragraph larva \/\/ a-font-body-m     \">\n<p>\tOne of the Israeli artists, Edelsztein, has also been selected for the committee, a move that will be seen as a response to the ongoing controversy surrounding Documenta 15 in 2022, which was met with widespread accusations of anti-Semitism. The previous committee also had an Israeli artist on it, but she resigned over the situation facing her country following the October 7 Hamas attack.<\/p>\n<p class=\"paragraph larva \/\/ a-font-body-m     \">\n<p>\tIn Germany, Dziewior and Raymond are already well-known, the former as director of the Museum Ludwig in Cologne, and the latter as head of the Portikus Museum and the renowned St\u00e4delschule art school in Frankfurt until earlier this year. Edelsztein divides his time between Berlin and Tel Aviv, where he was longtime director and chief curator of the Tel Aviv Center for Contemporary Art, which he also founded.<\/p>\n<p class=\"paragraph larva \/\/ a-font-body-m     \">\n<p>\tFall previously served as <em>Black Comments<\/em>a major journal dedicated to African art. Gaweewong is the artistic director of the Jim Thompson Art Center in Bangkok. Kataoka is the director of the Mori Art Museum in Tokyo.<\/p>\n<p class=\"paragraph larva \/\/ a-font-body-m     \">\n<p>\tThe six curators are currently filling the shoes of six other curators who suddenly resigned last November. At the same time as Israeli artist Bracha L. Ettinger&#8217;s departure, Indian poet Ranjit Hoskote also became the focus of controversy after the German media re-exposed the BDS letter he signed; he also resigned as a result. <\/p>\n<p class=\"paragraph larva \/\/ a-font-body-m     \">\n<p>\tLater, four other curators\u2014Simon Njami, Gong Yan, Kathrin Rhomberg, and Mar\u00eda In\u00e9s Rodr\u00edguez\u2014also walked out, denouncing the exhibition for \u201ca lack of the open exchange of ideas and development of complex and nuanced artistic methods that was expected of the artists and curators at Documenta.\u201d<\/p>\n<p class=\"paragraph larva \/\/ a-font-body-m     \">\n<p>\tThe resignations further fueled concerns that Documenta may never recover from the scandal surrounding its 2022 edition, Documenta 15, which sparked scrutiny of artworks containing anti-Semitic imagery and pro-Palestinian politics. But Documenta\u2019s leadership has given assurances that the next edition, planned for 2027, will still take place, though Wednesday\u2019s announcement did not specify a date.<\/p>\n<p class=\"paragraph larva \/\/ a-font-body-m     \">\n<p>\tYet even with these assurances, statements from documenta\u2019s leadership have left some concerned about the format of the next fair. While documenta will not impose a code of conduct on its next artistic director, it will expand its supervisory board to include representatives from the city of Kassel (where documenta is held every five years) and the state of Hesse (where Kassel is located). <\/p>\n<p class=\"paragraph larva \/\/ a-font-body-m     \">\n<p>\tIn addition, a scientific advisory board of experts will be established and the next artistic director will be asked to give a speech on &#8220;their understanding of respect for human dignity and how this is ensured in the exhibitions they curate.&#8221;<\/p>\n<p class=\"paragraph larva \/\/ a-font-body-m     \">\n<p>\tRegarding the newly formed selection committee, Documenta General Manager Andreas Hofmann said: \u201cI am confident that the expert and multi-perspective composition of the new selection committee will provide forward-looking advice to the artistic direction. This will lay the foundation for the international art world to once again become a familiar and welcome guest in Kassel.\u201d <\/p>\n<\/p><\/div>\n<p><a href=\"https:\/\/www.artnews.com\/art-news\/news\/documenta-16-names-new-selection-committee-resignation-1234711387\/\">Source link <\/a><\/p>\n","protected":false},"excerpt":{"rendered":"<p>Documenta has officially unveiled its replacement selection committee for the search for the next artistic director of the prestigious German five-year exhibition, a search that is still ongoing following the collective resignation of the original committee last year. The new six-member selection committee is made up of Yilmaz Dziewior, Sergio Edelsztein, N&#8217;Gon\u00e9 Fall, Gridthiya Gaweewong,<\/p>\n","protected":false},"author":1,"featured_media":8850,"comment_status":"open","ping_status":"open","sticky":false,"template":"","format":"standard","meta":{"footnotes":""},"categories":[43],"tags":[],"class_list":{"0":"post-8849","1":"post","2":"type-post","3":"status-publish","4":"format-standard","5":"has-post-thumbnail","7":"category-art-market-trends"},"brizy_media":[],"_links":{"self":[{"href":"https:\/\/artoday.net\/index.php?rest_route=\/wp\/v2\/posts\/8849","targetHints":{"allow":["GET"]}}],"collection":[{"href":"https:\/\/artoday.net\/index.php?rest_route=\/wp\/v2\/posts"}],"about":[{"href":"https:\/\/artoday.net\/index.php?rest_route=\/wp\/v2\/types\/post"}],"author":[{"embeddable":true,"href":"https:\/\/artoday.net\/index.php?rest_route=\/wp\/v2\/users\/1"}],"replies":[{"embeddable":true,"href":"https:\/\/artoday.net\/index.php?rest_route=%2Fwp%2Fv2%2Fcomments&post=8849"}],"version-history":[{"count":0,"href":"https:\/\/artoday.net\/index.php?rest_route=\/wp\/v2\/posts\/8849\/revisions"}],"wp:featuredmedia":[{"embeddable":true,"href":"https:\/\/artoday.net\/index.php?rest_route=\/wp\/v2\/media\/8850"}],"wp:attachment":[{"href":"https:\/\/artoday.net\/index.php?rest_route=%2Fwp%2Fv2%2Fmedia&parent=8849"}],"wp:term":[{"taxonomy":"category","embeddable":true,"href":"https:\/\/artoday.net\/index.php?rest_route=%2Fwp%2Fv2%2Fcategories&post=8849"},{"taxonomy":"post_tag","embeddable":true,"href":"https:\/\/artoday.net\/index.php?rest_route=%2Fwp%2Fv2%2Ftags&post=8849"}],"curies":[{"name":"wp","href":"https:\/\/api.w.org\/{rel}","templated":true}]}}